{"id":136,"date":"2024-08-09T12:26:59","date_gmt":"2024-08-09T15:26:59","guid":{"rendered":"https:\/\/tvsulcatarinense.com.br\/?p=136"},"modified":"2024-09-09T18:47:37","modified_gmt":"2024-09-09T21:47:37","slug":"gestar-com-saude-e-amor-projeto-com-gestantes-inicia-em-balneario-arroio-do-silva","status":"publish","type":"post","link":"https:\/\/tvsulcatarinense.com.br\/?p=136","title":{"rendered":"Gestar com sa\u00fade e amor: Projeto com gestantes inicia em Balne\u00e1rio Arroio do Silva"},"content":{"rendered":"\n<p><em>Encontros ser\u00e3o realizados oportunizando informa\u00e7\u00f5es e acompanhamento das gestantes<\/em><br><br><strong>Balne\u00e1rio Arroio do Silva<\/strong><br><br>Uma parceria realizada entre a Secretaria Municipal de Sa\u00fade e a Secretaria Municipal de Desenvolvimento Social de Balne\u00e1rio Arroio do Silva d\u00e1 in\u00edcio \u00e0 terceira edi\u00e7\u00e3o do Projeto \u201cGestar com Sa\u00fade e Amor\u201d.<\/p>\n\n\n\n<p>O grupo tem o objetivo de promover encontros quinzenais com muita informa\u00e7\u00e3o, orienta\u00e7\u00e3o e troca de experi\u00eancias.<\/p>\n\n\n\n<p>O primeiro encontro do grupo foi realizado nesta segunda-feira (20) e o projeto segue com encontros at\u00e9 julho.<\/p>\n\n\n\n<p>\u201cAqui \u00e9 um espa\u00e7o para que as gestantes interajam, se sintam acolhidas e preparadas para esta fase especial.<\/p>\n\n\n\n<figure class=\"wp-block-image\"><img decoding=\"async\" src=\"https:\/\/idportal.com.br\/wp-content\/uploads\/2018\/08\/20230512-728x90-1.jpg\" alt=\" \" class=\"wp-image-3967\" title=\" \"\/><\/figure>\n\n\n\n<p>Sejam todas bem-vindas\u201d, destacou a secret\u00e1ria de desenvolvimento social, Edilane Pacheco (Nani).<\/p>\n\n\n\n<p>As equipes da sa\u00fade e do desenvolvimento social ir\u00e3o acompanhar as gestantes, orientando e auxiliando no que for necess\u00e1rio.<\/p>\n\n\n\n<p>\u201cA equipe da sa\u00fade est\u00e1 presente e \u00e0 disposi\u00e7\u00e3o para d\u00favidas, servi\u00e7os e todo acompanhamento \u201d, destacou a secret\u00e1ria de sa\u00fade Manoella Porto.<\/p>\n\n\n\n<p>Nesta a\u00e7\u00e3o as gestantes ter\u00e3o momentos especiais e de integra\u00e7\u00e3o.<\/p>\n\n\n\n<p>A cada encontro um tema ser\u00e1 abordado por profissionais da sa\u00fade.<\/p>\n\n\n\n<p>As gestantes que participarem de todos os encontros receber\u00e3o, no fim do projeto, um kit maternidade e um book fotogr\u00e1fico.<\/p>\n\n\n\n<p><em>Fonte: Assessoria de Comunica\u00e7\u00e3o<\/em><\/p>\n\n\n\n<figure class=\"wp-block-image\"><img decoding=\"async\" src=\"https:\/\/uaaau.com.br\/uploads\/blog_23061\/1716325221_whatsapp_image_2024-05-21_at_16.09.311.jpeg\" alt=\"\"\/><\/figure>\n\n\n\n<figure class=\"wp-block-image\"><img decoding=\"async\" src=\"https:\/\/uaaau.com.br\/uploads\/blog_23061\/1716325218_whatsapp_image_2024-05-21_at_16.09.32.jpeg\" alt=\"\"\/><\/figure>\n","protected":false},"excerpt":{"rendered":"<p>Encontros ser\u00e3o realizados oportunizando informa\u00e7\u00f5es e acompanhamento das gestantes Balne\u00e1rio Arroio do Silva Uma parceria realizada entre a Secretaria Municipal de Sa\u00fade e a Secretaria Municipal de Desenvolvimento Social de Balne\u00e1rio Arroio do Silva d\u00e1 in\u00edcio \u00e0 terceira edi\u00e7\u00e3o do Projeto \u201cGestar com Sa\u00fade e Amor\u201d. O grupo tem o objetivo de promover encontros quinzenais [&hellip;]<\/p>\n","protected":false},"author":1,"featured_media":137,"comment_status":"open","ping_status":"open","sticky":false,"template":"elementor_theme","format":"standard","meta":{"footnotes":""},"categories":[7],"tags":[],"class_list":["post-136","post","type-post","status-publish","format-standard","has-post-thumbnail","hentry","category-saude"],"_links":{"self":[{"href":"https:\/\/tvsulcatarinense.com.br\/index.php?rest_route=\/wp\/v2\/posts\/136","targetHints":{"allow":["GET"]}}],"collection":[{"href":"https:\/\/tvsulcatarinense.com.br\/index.php?rest_route=\/wp\/v2\/posts"}],"about":[{"href":"https:\/\/tvsulcatarinense.com.br\/index.php?rest_route=\/wp\/v2\/types\/post"}],"author":[{"embeddable":true,"href":"https:\/\/tvsulcatarinense.com.br\/index.php?rest_route=\/wp\/v2\/users\/1"}],"replies":[{"embeddable":true,"href":"https:\/\/tvsulcatarinense.com.br\/index.php?rest_route=%2Fwp%2Fv2%2Fcomments&post=136"}],"version-history":[{"count":1,"href":"https:\/\/tvsulcatarinense.com.br\/index.php?rest_route=\/wp\/v2\/posts\/136\/revisions"}],"predecessor-version":[{"id":138,"href":"https:\/\/tvsulcatarinense.com.br\/index.php?rest_route=\/wp\/v2\/posts\/136\/revisions\/138"}],"wp:featuredmedia":[{"embeddable":true,"href":"https:\/\/tvsulcatarinense.com.br\/index.php?rest_route=\/wp\/v2\/media\/137"}],"wp:attachment":[{"href":"https:\/\/tvsulcatarinense.com.br\/index.php?rest_route=%2Fwp%2Fv2%2Fmedia&parent=136"}],"wp:term":[{"taxonomy":"category","embeddable":true,"href":"https:\/\/tvsulcatarinense.com.br\/index.php?rest_route=%2Fwp%2Fv2%2Fcategories&post=136"},{"taxonomy":"post_tag","embeddable":true,"href":"https:\/\/tvsulcatarinense.com.br\/index.php?rest_route=%2Fwp%2Fv2%2Ftags&post=136"}],"curies":[{"name":"wp","href":"https:\/\/api.w.org\/{rel}","templated":true}]}}