{"id":133,"date":"2024-08-09T12:25:46","date_gmt":"2024-08-09T15:25:46","guid":{"rendered":"https:\/\/tvsulcatarinense.com.br\/?p=133"},"modified":"2024-09-09T18:47:44","modified_gmt":"2024-09-09T21:47:44","slug":"vereador-jair-anastacio-lidera-discussao-sobre-seguranca-para-estudantes-universitarios-em-ararangua","status":"publish","type":"post","link":"https:\/\/tvsulcatarinense.com.br\/?p=133","title":{"rendered":"Vereador Jair Anast\u00e1cio lidera discuss\u00e3o sobre seguran\u00e7a para estudantes universit\u00e1rios em Ararangu\u00e1"},"content":{"rendered":"\n<p>Na tarde desta ter\u00e7a-feira (7), o Vereador Jair Anast\u00e1cio (PSD), participou de uma reuni\u00e3o com o Tenente-coronel Marcelo Zanette, comandante do 19\u00ba Batalh\u00e3o de Pol\u00edcia Militar, visando abordar quest\u00f5es relacionadas \u00e0 seguran\u00e7a dos estudantes universit\u00e1rios em Ararangu\u00e1.<\/p>\n\n\n\n<p>O encontro contou com a participa\u00e7\u00e3o de representantes dos cinco cursos da Universidade Federal de Santa Catarina (UFSC) \u2013 Campus Ararangu\u00e1, em resposta aos relatos de inseguran\u00e7a na regi\u00e3o.<\/p>\n\n\n\n<p>Estudantes universit\u00e1rios t\u00eam expressado preocupa\u00e7\u00e3o com a frequ\u00eancia de furtos e tentativas de ass\u00e9dio na \u00e1rea pr\u00f3xima ao campus. Diante desse cen\u00e1rio apresentado ao vereador, Jair Anast\u00e1cio marcou uma agenda com o comandante Zanette.<\/p>\n\n\n\n<p>Durante a reuni\u00e3o, os representantes dos cursos compartilharam relatos sobre incidentes recentes e levantaram quest\u00f5es sobre a necessidade de medidas de seguran\u00e7a.<\/p>\n\n\n\n<figure class=\"wp-block-image\"><img decoding=\"async\" src=\"https:\/\/idportal.com.br\/wp-content\/uploads\/2018\/08\/20230512-728x90-1.jpg\" alt=\" \" class=\"wp-image-3967\" title=\" \"\/><\/figure>\n\n\n\n<p>Em resposta, Zanette se colocou \u00e0 disposi\u00e7\u00e3o para intensificar o patrulhamento na \u00e1rea e a\u00e7\u00f5es para fortalecer a coopera\u00e7\u00e3o entre a Pol\u00edcia e a comunidade acad\u00eamica.<\/p>\n\n\n\n<p>O vereador avaliou de forma positiva o encontro.<\/p>\n\n\n\n<p>\u201cEsse \u00e9 primeiro passo rumo a um local mais seguro e tranquilo para os universit\u00e1rios que nos apresentaram essas demandas.<\/p>\n\n\n\n<p>O comandante foi muito acolhedor e receptivo para com os pleitos dos estudantes\u201d, pontuou.<\/p>\n\n\n\n<p><em>Fonte: Assessoria de Comunica\u00e7\u00e3o<\/em><\/p>\n\n\n\n<figure class=\"wp-block-image\"><img decoding=\"async\" src=\"https:\/\/uaaau.com.br\/uploads\/blog_22950\/1715110335_02.jpeg\" alt=\"\"\/><\/figure>\n","protected":false},"excerpt":{"rendered":"<p>Na tarde desta ter\u00e7a-feira (7), o Vereador Jair Anast\u00e1cio (PSD), participou de uma reuni\u00e3o com o Tenente-coronel Marcelo Zanette, comandante do 19\u00ba Batalh\u00e3o de Pol\u00edcia Militar, visando abordar quest\u00f5es relacionadas \u00e0 seguran\u00e7a dos estudantes universit\u00e1rios em Ararangu\u00e1. O encontro contou com a participa\u00e7\u00e3o de representantes dos cinco cursos da Universidade Federal de Santa Catarina (UFSC) [&hellip;]<\/p>\n","protected":false},"author":1,"featured_media":134,"comment_status":"open","ping_status":"open","sticky":false,"template":"elementor_theme","format":"standard","meta":{"footnotes":""},"categories":[12],"tags":[],"class_list":["post-133","post","type-post","status-publish","format-standard","has-post-thumbnail","hentry","category-variedades"],"_links":{"self":[{"href":"https:\/\/tvsulcatarinense.com.br\/index.php?rest_route=\/wp\/v2\/posts\/133","targetHints":{"allow":["GET"]}}],"collection":[{"href":"https:\/\/tvsulcatarinense.com.br\/index.php?rest_route=\/wp\/v2\/posts"}],"about":[{"href":"https:\/\/tvsulcatarinense.com.br\/index.php?rest_route=\/wp\/v2\/types\/post"}],"author":[{"embeddable":true,"href":"https:\/\/tvsulcatarinense.com.br\/index.php?rest_route=\/wp\/v2\/users\/1"}],"replies":[{"embeddable":true,"href":"https:\/\/tvsulcatarinense.com.br\/index.php?rest_route=%2Fwp%2Fv2%2Fcomments&post=133"}],"version-history":[{"count":1,"href":"https:\/\/tvsulcatarinense.com.br\/index.php?rest_route=\/wp\/v2\/posts\/133\/revisions"}],"predecessor-version":[{"id":135,"href":"https:\/\/tvsulcatarinense.com.br\/index.php?rest_route=\/wp\/v2\/posts\/133\/revisions\/135"}],"wp:featuredmedia":[{"embeddable":true,"href":"https:\/\/tvsulcatarinense.com.br\/index.php?rest_route=\/wp\/v2\/media\/134"}],"wp:attachment":[{"href":"https:\/\/tvsulcatarinense.com.br\/index.php?rest_route=%2Fwp%2Fv2%2Fmedia&parent=133"}],"wp:term":[{"taxonomy":"category","embeddable":true,"href":"https:\/\/tvsulcatarinense.com.br\/index.php?rest_route=%2Fwp%2Fv2%2Fcategories&post=133"},{"taxonomy":"post_tag","embeddable":true,"href":"https:\/\/tvsulcatarinense.com.br\/index.php?rest_route=%2Fwp%2Fv2%2Ftags&post=133"}],"curies":[{"name":"wp","href":"https:\/\/api.w.org\/{rel}","templated":true}]}}