{"id":1312,"date":"2025-04-11T11:31:26","date_gmt":"2025-04-11T14:31:26","guid":{"rendered":"https:\/\/tvsulcatarinense.com.br\/?p=1312"},"modified":"2025-04-11T11:31:26","modified_gmt":"2025-04-11T14:31:26","slug":"veiculo-furtado-e-recuperado-pela-pm-no-bairro-urussanginha","status":"publish","type":"post","link":"https:\/\/tvsulcatarinense.com.br\/?p=1312","title":{"rendered":"Ve\u00edculo furtado \u00e9 recuperado pela PM no bairro Urussanginha"},"content":{"rendered":"\n<p>Na manh\u00e3 desta quinta-feira (10), por volta das 10h40, a PM foi acionada para se deslocar at\u00e9 o bairro Urussanginha em Ararangu\u00e1, pois um ve\u00edculo com registro de furto estava no local.<\/p>\n\n\n\n<p>No local, uma auto-el\u00e9trica, foi conversado com o propriet\u00e1rio, de 40 anos, que relatou que uma mulher, no dia anterior, chegou ao local, com o ve\u00edculo GM\/CORSA SEDAN, e solicitou um concerto.<\/p>\n\n\n\n<p>Mais tarde, dois homens estiveram ali, e relataram que o ve\u00edculo era furtado, ent\u00e3o a PM foi acionada.<\/p>\n\n\n\n<p>Foi constatado que o ve\u00edculo foi furtado no dia 09, e que o carro era do irm\u00e3o de um dos homens que foram at\u00e9 a auto-el\u00e9trica.<\/p>\n\n\n\n<p>Foi confeccionado um boletim de ocorr\u00eancia, por\u00e9m ningu\u00e9m foi preso.<\/p>\n\n\n\n<p>Foto: PMSC<\/p>\n","protected":false},"excerpt":{"rendered":"<p>Na manh\u00e3 desta quinta-feira (10), por volta das 10h40, a PM foi acionada para se deslocar at\u00e9 o bairro Urussanginha em Ararangu\u00e1, pois um ve\u00edculo com registro de furto estava no local. No local, uma auto-el\u00e9trica, foi conversado com o propriet\u00e1rio, de 40 anos, que relatou que uma mulher, no dia anterior, chegou ao local, [&hellip;]<\/p>\n","protected":false},"author":1,"featured_media":1313,"comment_status":"open","ping_status":"open","sticky":false,"template":"","format":"standard","meta":{"footnotes":""},"categories":[5],"tags":[22,23,24],"class_list":["post-1312","post","type-post","status-publish","format-standard","has-post-thumbnail","hentry","category-seguranca","tag-22","tag-ararangua","tag-santa-catarina"],"_links":{"self":[{"href":"https:\/\/tvsulcatarinense.com.br\/index.php?rest_route=\/wp\/v2\/posts\/1312","targetHints":{"allow":["GET"]}}],"collection":[{"href":"https:\/\/tvsulcatarinense.com.br\/index.php?rest_route=\/wp\/v2\/posts"}],"about":[{"href":"https:\/\/tvsulcatarinense.com.br\/index.php?rest_route=\/wp\/v2\/types\/post"}],"author":[{"embeddable":true,"href":"https:\/\/tvsulcatarinense.com.br\/index.php?rest_route=\/wp\/v2\/users\/1"}],"replies":[{"embeddable":true,"href":"https:\/\/tvsulcatarinense.com.br\/index.php?rest_route=%2Fwp%2Fv2%2Fcomments&post=1312"}],"version-history":[{"count":1,"href":"https:\/\/tvsulcatarinense.com.br\/index.php?rest_route=\/wp\/v2\/posts\/1312\/revisions"}],"predecessor-version":[{"id":1314,"href":"https:\/\/tvsulcatarinense.com.br\/index.php?rest_route=\/wp\/v2\/posts\/1312\/revisions\/1314"}],"wp:featuredmedia":[{"embeddable":true,"href":"https:\/\/tvsulcatarinense.com.br\/index.php?rest_route=\/wp\/v2\/media\/1313"}],"wp:attachment":[{"href":"https:\/\/tvsulcatarinense.com.br\/index.php?rest_route=%2Fwp%2Fv2%2Fmedia&parent=1312"}],"wp:term":[{"taxonomy":"category","embeddable":true,"href":"https:\/\/tvsulcatarinense.com.br\/index.php?rest_route=%2Fwp%2Fv2%2Fcategories&post=1312"},{"taxonomy":"post_tag","embeddable":true,"href":"https:\/\/tvsulcatarinense.com.br\/index.php?rest_route=%2Fwp%2Fv2%2Ftags&post=1312"}],"curies":[{"name":"wp","href":"https:\/\/api.w.org\/{rel}","templated":true}]}}