{"id":1303,"date":"2025-04-10T16:41:46","date_gmt":"2025-04-10T19:41:46","guid":{"rendered":"https:\/\/tvsulcatarinense.com.br\/?p=1303"},"modified":"2025-04-10T16:41:46","modified_gmt":"2025-04-10T19:41:46","slug":"video-policia-de-meleiro-investiga-vandalos-em-patrimonio-publico","status":"publish","type":"post","link":"https:\/\/tvsulcatarinense.com.br\/?p=1303","title":{"rendered":"(VIDEO) Pol\u00edcia de Meleiro investiga v\u00e2ndalos em patrim\u00f4nio p\u00fablico"},"content":{"rendered":"\n<p>A administra\u00e7\u00e3o municipal , atrav\u00e9s da diretora do departamento cultura, prestou B.O junto a Pol\u00edcia Militar nesta quinta-feira,10\/04, ap\u00f3s obter imagens das c\u00e2meras de seguran\u00e7a, onde foi poss\u00edvel identificar dois atos de vandalismo no centro de Meleiro.<\/p>\n\n\n\n<p>Um dos meliantes, do sexo masculino , desferiu um chute em um dos vasos no cal\u00e7ad\u00e3o, causando sua quebra na tarde de domingo dia 06\/04\/2025.<\/p>\n\n\n\n<p>Um outro caso de depreda\u00e7\u00e3o aconteceu na noite de ter\u00e7a-feira, dia 08, onde a c\u00e2mera de vigil\u00e2ncia mostra o meliante caindo sobre outro vaso de planta, que tamb\u00e9m foi quebrado.<\/p>\n\n\n\n<p>As imagens foram encaminhadas \u00e0 Pol\u00edcia que tenta identificar os causadores dos preju\u00edzos ao patrim\u00f4nio p\u00fablico.<\/p>\n\n\n\n<p>A gest\u00e3o deixa claro que vai tomar as medidas cab\u00edveis e os respons\u00e1veis ser\u00e3o punidos na forma da lei.<\/p>\n\n\n\n<p>Mas o que nos entristece \u00e9 ver que todo o cuidado em tornar nossa cidade acolhedora aos mun\u00edcipes e visitantes, vem sendo alvo de pessoas sem respeito e educa\u00e7\u00e3o algum.<\/p>\n\n\n\n<figure class=\"wp-block-video\"><video height=\"480\" style=\"aspect-ratio: 672 \/ 480;\" width=\"672\" controls src=\"https:\/\/tvsulcatarinense.com.br\/wp-content\/uploads\/2025\/04\/WhatsApp-Video-2025-04-10-at-16.12.24-1.mp4\"><\/video><\/figure>\n\n\n\n<figure class=\"wp-block-video\"><video height=\"478\" style=\"aspect-ratio: 848 \/ 478;\" width=\"848\" controls src=\"https:\/\/tvsulcatarinense.com.br\/wp-content\/uploads\/2025\/04\/WhatsApp-Video-2025-04-10-at-16.12.24.mp4\"><\/video><\/figure>\n","protected":false},"excerpt":{"rendered":"<p>A administra\u00e7\u00e3o municipal , atrav\u00e9s da diretora do departamento cultura, prestou B.O junto a Pol\u00edcia Militar nesta quinta-feira,10\/04, ap\u00f3s obter imagens das c\u00e2meras de seguran\u00e7a, onde foi poss\u00edvel identificar dois atos de vandalismo no centro de Meleiro. Um dos meliantes, do sexo masculino , desferiu um chute em um dos vasos no cal\u00e7ad\u00e3o, causando sua [&hellip;]<\/p>\n","protected":false},"author":1,"featured_media":1304,"comment_status":"open","ping_status":"open","sticky":false,"template":"","format":"standard","meta":{"footnotes":""},"categories":[5],"tags":[22,26,24],"class_list":["post-1303","post","type-post","status-publish","format-standard","has-post-thumbnail","hentry","category-seguranca","tag-22","tag-meleiro","tag-santa-catarina"],"_links":{"self":[{"href":"https:\/\/tvsulcatarinense.com.br\/index.php?rest_route=\/wp\/v2\/posts\/1303","targetHints":{"allow":["GET"]}}],"collection":[{"href":"https:\/\/tvsulcatarinense.com.br\/index.php?rest_route=\/wp\/v2\/posts"}],"about":[{"href":"https:\/\/tvsulcatarinense.com.br\/index.php?rest_route=\/wp\/v2\/types\/post"}],"author":[{"embeddable":true,"href":"https:\/\/tvsulcatarinense.com.br\/index.php?rest_route=\/wp\/v2\/users\/1"}],"replies":[{"embeddable":true,"href":"https:\/\/tvsulcatarinense.com.br\/index.php?rest_route=%2Fwp%2Fv2%2Fcomments&post=1303"}],"version-history":[{"count":1,"href":"https:\/\/tvsulcatarinense.com.br\/index.php?rest_route=\/wp\/v2\/posts\/1303\/revisions"}],"predecessor-version":[{"id":1307,"href":"https:\/\/tvsulcatarinense.com.br\/index.php?rest_route=\/wp\/v2\/posts\/1303\/revisions\/1307"}],"wp:featuredmedia":[{"embeddable":true,"href":"https:\/\/tvsulcatarinense.com.br\/index.php?rest_route=\/wp\/v2\/media\/1304"}],"wp:attachment":[{"href":"https:\/\/tvsulcatarinense.com.br\/index.php?rest_route=%2Fwp%2Fv2%2Fmedia&parent=1303"}],"wp:term":[{"taxonomy":"category","embeddable":true,"href":"https:\/\/tvsulcatarinense.com.br\/index.php?rest_route=%2Fwp%2Fv2%2Fcategories&post=1303"},{"taxonomy":"post_tag","embeddable":true,"href":"https:\/\/tvsulcatarinense.com.br\/index.php?rest_route=%2Fwp%2Fv2%2Ftags&post=1303"}],"curies":[{"name":"wp","href":"https:\/\/api.w.org\/{rel}","templated":true}]}}