{"id":1293,"date":"2025-04-10T14:41:22","date_gmt":"2025-04-10T17:41:22","guid":{"rendered":"https:\/\/tvsulcatarinense.com.br\/?p=1293"},"modified":"2025-04-10T14:41:22","modified_gmt":"2025-04-10T17:41:22","slug":"ararangua-veiculo-furtado-em-criciuma-e-recuperado-pela-pm","status":"publish","type":"post","link":"https:\/\/tvsulcatarinense.com.br\/?p=1293","title":{"rendered":"Ararangu\u00e1: ve\u00edculo furtado em Crici\u00fama \u00e9 recuperado pela PM"},"content":{"rendered":"\n<p>Na manh\u00e3 desta quarta-feira (09) a Pol\u00edcia Militar de Santa Catarina (PMSC), atrav\u00e9s do 19\u00ba Batalh\u00e3o de Pol\u00edcia Militar (BPM), foi acionada pela Central Regional de Emerg\u00eancia (190) para averiguar a situa\u00e7\u00e3o de um ve\u00edculo abandonado na localidade de Pont\u00e3o, em Ararangu\u00e1.<\/p>\n\n\n\n<p>No local, os policiais constataram que um ve\u00edculo Nissan\/ Kicks, de cor branca, estava sem as rodas e que havia sido roubado na noite do \u00faltimo dia 6 de Abril, na cidade de Crici\u00fama.<\/p>\n\n\n\n<p>Diante dos fatos, o ve\u00edculo foi apreendido e encaminhado para a delegacia de pol\u00edcia civil.<\/p>\n\n\n\n<p>Foto: PMSC<\/p>\n","protected":false},"excerpt":{"rendered":"<p>Na manh\u00e3 desta quarta-feira (09) a Pol\u00edcia Militar de Santa Catarina (PMSC), atrav\u00e9s do 19\u00ba Batalh\u00e3o de Pol\u00edcia Militar (BPM), foi acionada pela Central Regional de Emerg\u00eancia (190) para averiguar a situa\u00e7\u00e3o de um ve\u00edculo abandonado na localidade de Pont\u00e3o, em Ararangu\u00e1. No local, os policiais constataram que um ve\u00edculo Nissan\/ Kicks, de cor branca, [&hellip;]<\/p>\n","protected":false},"author":1,"featured_media":1294,"comment_status":"open","ping_status":"open","sticky":false,"template":"","format":"standard","meta":{"footnotes":""},"categories":[5],"tags":[23,27,24],"class_list":["post-1293","post","type-post","status-publish","format-standard","has-post-thumbnail","hentry","category-seguranca","tag-ararangua","tag-pmsc","tag-santa-catarina"],"_links":{"self":[{"href":"https:\/\/tvsulcatarinense.com.br\/index.php?rest_route=\/wp\/v2\/posts\/1293","targetHints":{"allow":["GET"]}}],"collection":[{"href":"https:\/\/tvsulcatarinense.com.br\/index.php?rest_route=\/wp\/v2\/posts"}],"about":[{"href":"https:\/\/tvsulcatarinense.com.br\/index.php?rest_route=\/wp\/v2\/types\/post"}],"author":[{"embeddable":true,"href":"https:\/\/tvsulcatarinense.com.br\/index.php?rest_route=\/wp\/v2\/users\/1"}],"replies":[{"embeddable":true,"href":"https:\/\/tvsulcatarinense.com.br\/index.php?rest_route=%2Fwp%2Fv2%2Fcomments&post=1293"}],"version-history":[{"count":1,"href":"https:\/\/tvsulcatarinense.com.br\/index.php?rest_route=\/wp\/v2\/posts\/1293\/revisions"}],"predecessor-version":[{"id":1295,"href":"https:\/\/tvsulcatarinense.com.br\/index.php?rest_route=\/wp\/v2\/posts\/1293\/revisions\/1295"}],"wp:featuredmedia":[{"embeddable":true,"href":"https:\/\/tvsulcatarinense.com.br\/index.php?rest_route=\/wp\/v2\/media\/1294"}],"wp:attachment":[{"href":"https:\/\/tvsulcatarinense.com.br\/index.php?rest_route=%2Fwp%2Fv2%2Fmedia&parent=1293"}],"wp:term":[{"taxonomy":"category","embeddable":true,"href":"https:\/\/tvsulcatarinense.com.br\/index.php?rest_route=%2Fwp%2Fv2%2Fcategories&post=1293"},{"taxonomy":"post_tag","embeddable":true,"href":"https:\/\/tvsulcatarinense.com.br\/index.php?rest_route=%2Fwp%2Fv2%2Ftags&post=1293"}],"curies":[{"name":"wp","href":"https:\/\/api.w.org\/{rel}","templated":true}]}}