{"id":1270,"date":"2025-04-08T11:27:48","date_gmt":"2025-04-08T14:27:48","guid":{"rendered":"https:\/\/tvsulcatarinense.com.br\/?p=1270"},"modified":"2025-04-08T11:27:48","modified_gmt":"2025-04-08T14:27:48","slug":"programa-saudavel-mente-foi-desenvolvido-para-colaborar-com-a-transformacao-da-saude-mental","status":"publish","type":"post","link":"https:\/\/tvsulcatarinense.com.br\/?p=1270","title":{"rendered":"Programa Saud\u00e1vel Mente foi desenvolvido para colaborar com a transforma\u00e7\u00e3o da sa\u00fade mental"},"content":{"rendered":"\n<p><em>Mais de 12 milh\u00f5es de brasileiros, segundo a OMS, sofrem com depress\u00e3o, e a cada ano, aumenta o n\u00famero de casos. \u00c9 urgente priorizar o cuidado de sua sa\u00fade mental. O Programa Saud\u00e1vel Mente oferece a ajuda necess\u00e1ria para quem busca melhorar a qualidade de vida e bem-estar emocional, com um atendimento acess\u00edvel e especializado.<\/em><\/p>\n\n\n\n<p>O programa Saud\u00e1vel Mente \u00e9 uma solu\u00e7\u00e3o inovadora para quem busca alcan\u00e7ar uma melhor qualidade de vida, oferecendo apoio emocional especializado tanto em casa quanto no trabalho.<\/p>\n\n\n\n<p>O primeiro servi\u00e7o a ser oferecido \u00e9 o plano de anual para pessoas f\u00edsicas, que inclui atendimentos online realizados por psic\u00f3logos e psiquiatras, proporcionando todo o suporte necess\u00e1rio sem a necessidade de deslocamentos ou altos custos. Al\u00e9m disso, a partir de abril, os servi\u00e7os tamb\u00e9m estar\u00e3o dispon\u00edveis para empresas.<\/p>\n\n\n\n<p>J\u00e1 no segundo semestre deste ano, iniciar\u00e3o tamb\u00e9m os atendimentos presenciais, e ser\u00e1 anunciado um segundo produto destinado a pessoas f\u00edsicas. At\u00e9 o final de 2025, ser\u00e1 lan\u00e7ado um \u00faltimo produto, que incluir\u00e1 interna\u00e7\u00f5es em sa\u00fade mental, ampliando ainda mais o alcance do programa e suas solu\u00e7\u00f5es para a sa\u00fade emocional da popula\u00e7\u00e3o.<\/p>\n\n\n\n<p>Maur\u00edcio Essvein Foga\u00e7a, CEO e fundador da Saud\u00e1vel Mente, afirma: &#8220;Nosso objetivo \u00e9 democratizar o acesso \u00e0 sa\u00fade mental, proporcionando uma alternativa acess\u00edvel e eficaz para quem busca apoio emocional.<\/p>\n\n\n\n<p>Queremos oferecer seguran\u00e7a e apoio para que todos possam cuidar de sua sa\u00fade mental e alcan\u00e7ar uma melhor qualidade de vida.&#8221;<\/p>\n\n\n\n<p>Florian\u00f3polis foi escolhida como sede do programa devido \u00e0 sua elevada qualidade de vida e status como a capital brasileira com maior pontua\u00e7\u00e3o no \u00cdndice de Desenvolvimento Humano (IDH), calculado pelo PNUD, das Na\u00e7\u00f5es Unidas. Al\u00e9m disso, a cidade \u00e9 um polo tecnol\u00f3gico e educacional, oferecendo a infraestrutura necess\u00e1ria para o crescimento e inova\u00e7\u00e3o da Saud\u00e1vel Mente. O programa est\u00e1 dispon\u00edvel em todo o Brasil e foi desenvolvido para atender pessoas que necessitam de acompanhamento cont\u00ednuo e personalizado para quest\u00f5es emocionais e psicol\u00f3gicas. Seu objetivo \u00e9 garantir que todos, desde trabalhadores at\u00e9 fam\u00edlias, tenham acesso a um atendimento humanizado, de qualidade e focado tanto em momentos de necessidade quanto em promover o bem-estar.<\/p>\n\n\n\n<p>O conselheiro Marcos Loiola destaca que o programa busca a inclus\u00e3o de todos os p\u00fablicos, com \u00eanfase no acesso para popula\u00e7\u00f5es vulner\u00e1veis relacionadas a quest\u00f5es de g\u00eanero, ra\u00e7a e idade.<\/p>\n\n\n\n<p>&#8220;Na Saud\u00e1vel Mente, todos s\u00e3o bem-vindos, considerados como pessoas \u00fanicas, com um plano de desenvolvimento emocional personalizado a cada ano. Queremos promover o acesso e a inclus\u00e3o, melhorando a sa\u00fade mental de nossos clientes. Al\u00e9m disso, classificamos as a\u00e7\u00f5es em n\u00edveis individual e coletivo, com um olhar ampliado para popula\u00e7\u00f5es mais vulner\u00e1veis.&#8221; O programa est\u00e1 preparado para acolher todos, desde pessoas sem necessidade de tratamentos at\u00e9 aquelas que buscam autodesenvolvimento e melhoria de qualidade de vida.<\/p>\n\n\n\n<p>Uma pesquisa recente da Pluxee e da plataforma brit\u00e2nica The Happiness Index, que avalia a felicidade e o engajamento dos colaboradores em mais de 100 pa\u00edses, revelou que os brasileiros est\u00e3o 9% mais insatisfeitos no trabalho do que a m\u00e9dia global. Al\u00e9m disso, mais de 15% da popula\u00e7\u00e3o se sente infeliz e deprimida, como mulheres, jovens, desempregados e pessoas trans tendo a sa\u00fade mental mais afetada. O programa Saud\u00e1vel Mente prop\u00f5e uma transforma\u00e7\u00e3o positiva que pode ajudar a reduzir esses n\u00fameros, oferecendo apoio emocional para superar dificuldades e fortalecer as capacidades internas para lidar com adversidades.<\/p>\n\n\n\n<p>A realidade da sa\u00fade mental no Brasil \u00e9 alarmante: mais de 12 milh\u00f5es de brasileiros sofrem de depress\u00e3o, conforme a Organiza\u00e7\u00e3o Mundial da Sa\u00fade (OMS), refletindo um aumento significativo de casos nos \u00faltimos anos, especialmente ap\u00f3s a pandemia de COVID-19.<\/p>\n\n\n\n<p>A OMS tamb\u00e9m destaca que o Brasil ocupa um dos primeiros lugares em preval\u00eancia de ansiedade e outros transtornos emocionais, o que torna ainda mais urgente a implementa\u00e7\u00e3o de medidas eficazes e acess\u00edveis para tratar essas condi\u00e7\u00f5es.<\/p>\n\n\n\n<p>Nesse contexto, o Programa Saud\u00e1vel Mente surge como uma alternativa eficaz e acess\u00edvel para quem busca um atendimento especializado, sem a necessidade de deslocamentos ou custos elevados.<\/p>\n\n\n\n<p>O conselheiro Marcos Loiola, afirma ainda que: &#8220;Qualidade de vida no trabalho \u00e9 uma estrat\u00e9gia de gest\u00e3o que transforma vidas, rela\u00e7\u00f5es, impulsiona resultados e sustenta o futuro.<\/p>\n\n\n\n<p>A Saud\u00e1vel Mente se compromete a desenvolver culturas de sa\u00fade, onde pessoas produzem com prop\u00f3sito e empresas prosperam.&#8221; Os projetos empresariais s\u00e3o customizados, e or\u00e7amentos podem ser solicitados pelo whatsApp (48) 99683-0124.<\/p>\n\n\n\n<p>O plano de sa\u00fade mental anual Saud\u00e1vel Mente, destinado a pessoas f\u00edsicas, oferece um suporte completo e acess\u00edvel, com mensalidade de apenas R$ 50,00.<\/p>\n\n\n\n<p>O servi\u00e7o inclui consultas online com psic\u00f3logos e psiquiatras, acompanhamento cont\u00ednuo, planejamento terap\u00eautico personalizado e apoio emocional.<\/p>\n\n\n\n<p>Para adquirir o plano, basta acessar o site&nbsp;<a href=\"http:\/\/www.planosaudavelmente.com.br\/\">www.planosaudavelmente.com.br<\/a>&nbsp;e preencher o cadastro.<\/p>\n\n\n\n<p>O programa tem dura\u00e7\u00e3o de 12 meses, com acompanhamento cont\u00ednuo e personalizado. Maur\u00edcio Essvein Foga\u00e7a, CEO do programa, conclui: &#8220;A sa\u00fade mental \u00e9 t\u00e3o importante quanto a sa\u00fade f\u00edsica.<\/p>\n\n\n\n<p>Estamos comprometidos em fornecer solu\u00e7\u00f5es acess\u00edveis e de qualidade para que todos possam viver de forma mais equilibrada e feliz.&#8221;<\/p>\n","protected":false},"excerpt":{"rendered":"<p>Mais de 12 milh\u00f5es de brasileiros, segundo a OMS, sofrem com depress\u00e3o, e a cada ano, aumenta o n\u00famero de casos. \u00c9 urgente priorizar o cuidado de sua sa\u00fade mental. O Programa Saud\u00e1vel Mente oferece a ajuda necess\u00e1ria para quem busca melhorar a qualidade de vida e bem-estar emocional, com um atendimento acess\u00edvel e especializado. [&hellip;]<\/p>\n","protected":false},"author":1,"featured_media":1271,"comment_status":"open","ping_status":"open","sticky":false,"template":"","format":"standard","meta":{"footnotes":""},"categories":[5],"tags":[22,23,24],"class_list":["post-1270","post","type-post","status-publish","format-standard","has-post-thumbnail","hentry","category-seguranca","tag-22","tag-ararangua","tag-santa-catarina"],"_links":{"self":[{"href":"https:\/\/tvsulcatarinense.com.br\/index.php?rest_route=\/wp\/v2\/posts\/1270","targetHints":{"allow":["GET"]}}],"collection":[{"href":"https:\/\/tvsulcatarinense.com.br\/index.php?rest_route=\/wp\/v2\/posts"}],"about":[{"href":"https:\/\/tvsulcatarinense.com.br\/index.php?rest_route=\/wp\/v2\/types\/post"}],"author":[{"embeddable":true,"href":"https:\/\/tvsulcatarinense.com.br\/index.php?rest_route=\/wp\/v2\/users\/1"}],"replies":[{"embeddable":true,"href":"https:\/\/tvsulcatarinense.com.br\/index.php?rest_route=%2Fwp%2Fv2%2Fcomments&post=1270"}],"version-history":[{"count":1,"href":"https:\/\/tvsulcatarinense.com.br\/index.php?rest_route=\/wp\/v2\/posts\/1270\/revisions"}],"predecessor-version":[{"id":1272,"href":"https:\/\/tvsulcatarinense.com.br\/index.php?rest_route=\/wp\/v2\/posts\/1270\/revisions\/1272"}],"wp:featuredmedia":[{"embeddable":true,"href":"https:\/\/tvsulcatarinense.com.br\/index.php?rest_route=\/wp\/v2\/media\/1271"}],"wp:attachment":[{"href":"https:\/\/tvsulcatarinense.com.br\/index.php?rest_route=%2Fwp%2Fv2%2Fmedia&parent=1270"}],"wp:term":[{"taxonomy":"category","embeddable":true,"href":"https:\/\/tvsulcatarinense.com.br\/index.php?rest_route=%2Fwp%2Fv2%2Fcategories&post=1270"},{"taxonomy":"post_tag","embeddable":true,"href":"https:\/\/tvsulcatarinense.com.br\/index.php?rest_route=%2Fwp%2Fv2%2Ftags&post=1270"}],"curies":[{"name":"wp","href":"https:\/\/api.w.org\/{rel}","templated":true}]}}