{"id":1239,"date":"2025-04-04T11:38:47","date_gmt":"2025-04-04T14:38:47","guid":{"rendered":"https:\/\/tvsulcatarinense.com.br\/?p=1239"},"modified":"2025-04-04T11:38:47","modified_gmt":"2025-04-04T14:38:47","slug":"dupla-e-presa-com-mais-de-um-quilo-de-maconha-em-acao-da-pm-em-sombrio-e-balneario-gaivota","status":"publish","type":"post","link":"https:\/\/tvsulcatarinense.com.br\/?p=1239","title":{"rendered":"Dupla \u00e9 presa com mais de um quilo de maconha em a\u00e7\u00e3o da PM em Sombrio e Balne\u00e1rio Gaivota"},"content":{"rendered":"\n<p>Na noite de quinta-feira (03) por volta de 21h, dois homens foram presos no centro em Sombrio por tr\u00e1fico de drogas.<\/p>\n\n\n\n<p>No veiculo dos homens e na resid\u00eancia deles em Balne\u00e1rio Gaivota, ap\u00f3s buscas, foram localizados 77.4 gramas de coca\u00edna, 1 quilo e 327. 2 gramas de maconha, al\u00e9m de R$ 350,00 em esp\u00e9cie e uma balan\u00e7a de precis\u00e3o.<\/p>\n\n\n\n<p>Ambos traficantes, de 25 anos e 32 anos, receberam voz de pris\u00e3o e formam encaminhados at\u00e9 Central de Policia em Ararangu\u00e1.<\/p>\n\n\n\n<p>Foto: PMSC<\/p>\n","protected":false},"excerpt":{"rendered":"<p>Na noite de quinta-feira (03) por volta de 21h, dois homens foram presos no centro em Sombrio por tr\u00e1fico de drogas. No veiculo dos homens e na resid\u00eancia deles em Balne\u00e1rio Gaivota, ap\u00f3s buscas, foram localizados 77.4 gramas de coca\u00edna, 1 quilo e 327. 2 gramas de maconha, al\u00e9m de R$ 350,00 em esp\u00e9cie e [&hellip;]<\/p>\n","protected":false},"author":1,"featured_media":1240,"comment_status":"open","ping_status":"open","sticky":false,"template":"","format":"standard","meta":{"footnotes":""},"categories":[5],"tags":[22,27,24],"class_list":["post-1239","post","type-post","status-publish","format-standard","has-post-thumbnail","hentry","category-seguranca","tag-22","tag-pmsc","tag-santa-catarina"],"_links":{"self":[{"href":"https:\/\/tvsulcatarinense.com.br\/index.php?rest_route=\/wp\/v2\/posts\/1239","targetHints":{"allow":["GET"]}}],"collection":[{"href":"https:\/\/tvsulcatarinense.com.br\/index.php?rest_route=\/wp\/v2\/posts"}],"about":[{"href":"https:\/\/tvsulcatarinense.com.br\/index.php?rest_route=\/wp\/v2\/types\/post"}],"author":[{"embeddable":true,"href":"https:\/\/tvsulcatarinense.com.br\/index.php?rest_route=\/wp\/v2\/users\/1"}],"replies":[{"embeddable":true,"href":"https:\/\/tvsulcatarinense.com.br\/index.php?rest_route=%2Fwp%2Fv2%2Fcomments&post=1239"}],"version-history":[{"count":1,"href":"https:\/\/tvsulcatarinense.com.br\/index.php?rest_route=\/wp\/v2\/posts\/1239\/revisions"}],"predecessor-version":[{"id":1241,"href":"https:\/\/tvsulcatarinense.com.br\/index.php?rest_route=\/wp\/v2\/posts\/1239\/revisions\/1241"}],"wp:featuredmedia":[{"embeddable":true,"href":"https:\/\/tvsulcatarinense.com.br\/index.php?rest_route=\/wp\/v2\/media\/1240"}],"wp:attachment":[{"href":"https:\/\/tvsulcatarinense.com.br\/index.php?rest_route=%2Fwp%2Fv2%2Fmedia&parent=1239"}],"wp:term":[{"taxonomy":"category","embeddable":true,"href":"https:\/\/tvsulcatarinense.com.br\/index.php?rest_route=%2Fwp%2Fv2%2Fcategories&post=1239"},{"taxonomy":"post_tag","embeddable":true,"href":"https:\/\/tvsulcatarinense.com.br\/index.php?rest_route=%2Fwp%2Fv2%2Ftags&post=1239"}],"curies":[{"name":"wp","href":"https:\/\/api.w.org\/{rel}","templated":true}]}}