{"id":1210,"date":"2025-04-01T12:02:16","date_gmt":"2025-04-01T15:02:16","guid":{"rendered":"https:\/\/tvsulcatarinense.com.br\/?p=1210"},"modified":"2025-04-01T12:02:16","modified_gmt":"2025-04-01T15:02:16","slug":"bairro-urussanginha-homem-com-machado-agride-mulher-e-e-preso-pela-pm","status":"publish","type":"post","link":"https:\/\/tvsulcatarinense.com.br\/?p=1210","title":{"rendered":"Bairro Urussanginha: homem com machado agride mulher e \u00e9 preso pela PM"},"content":{"rendered":"\n<p>Na tarde desta segunda-feira (31), por volta das 17h15, a PM em rondas pelo bairro Urussanginha em Ararangu\u00e1, visualizou um homem segurando um machado e uma mulher sentada chorando pr\u00f3ximo ao home.<\/p>\n\n\n\n<p>Os policiais para realizar a abordagem do homem de 42 que amea\u00e7ava sua esposa de 43 anos, utilizaram de t\u00e9cnicas de imobiliza\u00e7\u00e3o.<\/p>\n\n\n\n<p>Segundo relatos da mulher, seu esposo possu\u00ed ci\u00fames dela, e na noite anterior bebeu bastante, foi constatado v\u00e1rios objetos quebrados dentro da casa onde os dois moram.<\/p>\n\n\n\n<p>Al\u00e9m disso a v\u00edtima possu\u00eda diversos hematomas oriundos de agress\u00f5es sofridas pelo marido.<\/p>\n\n\n\n<p>O homem foi preso e a mulher foi encaminhada at\u00e9 a UPA para receber atendimento.<\/p>\n","protected":false},"excerpt":{"rendered":"<p>Na tarde desta segunda-feira (31), por volta das 17h15, a PM em rondas pelo bairro Urussanginha em Ararangu\u00e1, visualizou um homem segurando um machado e uma mulher sentada chorando pr\u00f3ximo ao home. Os policiais para realizar a abordagem do homem de 42 que amea\u00e7ava sua esposa de 43 anos, utilizaram de t\u00e9cnicas de imobiliza\u00e7\u00e3o. Segundo [&hellip;]<\/p>\n","protected":false},"author":1,"featured_media":1211,"comment_status":"open","ping_status":"open","sticky":false,"template":"","format":"standard","meta":{"footnotes":""},"categories":[5],"tags":[22,23,24],"class_list":["post-1210","post","type-post","status-publish","format-standard","has-post-thumbnail","hentry","category-seguranca","tag-22","tag-ararangua","tag-santa-catarina"],"_links":{"self":[{"href":"https:\/\/tvsulcatarinense.com.br\/index.php?rest_route=\/wp\/v2\/posts\/1210","targetHints":{"allow":["GET"]}}],"collection":[{"href":"https:\/\/tvsulcatarinense.com.br\/index.php?rest_route=\/wp\/v2\/posts"}],"about":[{"href":"https:\/\/tvsulcatarinense.com.br\/index.php?rest_route=\/wp\/v2\/types\/post"}],"author":[{"embeddable":true,"href":"https:\/\/tvsulcatarinense.com.br\/index.php?rest_route=\/wp\/v2\/users\/1"}],"replies":[{"embeddable":true,"href":"https:\/\/tvsulcatarinense.com.br\/index.php?rest_route=%2Fwp%2Fv2%2Fcomments&post=1210"}],"version-history":[{"count":1,"href":"https:\/\/tvsulcatarinense.com.br\/index.php?rest_route=\/wp\/v2\/posts\/1210\/revisions"}],"predecessor-version":[{"id":1212,"href":"https:\/\/tvsulcatarinense.com.br\/index.php?rest_route=\/wp\/v2\/posts\/1210\/revisions\/1212"}],"wp:featuredmedia":[{"embeddable":true,"href":"https:\/\/tvsulcatarinense.com.br\/index.php?rest_route=\/wp\/v2\/media\/1211"}],"wp:attachment":[{"href":"https:\/\/tvsulcatarinense.com.br\/index.php?rest_route=%2Fwp%2Fv2%2Fmedia&parent=1210"}],"wp:term":[{"taxonomy":"category","embeddable":true,"href":"https:\/\/tvsulcatarinense.com.br\/index.php?rest_route=%2Fwp%2Fv2%2Fcategories&post=1210"},{"taxonomy":"post_tag","embeddable":true,"href":"https:\/\/tvsulcatarinense.com.br\/index.php?rest_route=%2Fwp%2Fv2%2Ftags&post=1210"}],"curies":[{"name":"wp","href":"https:\/\/api.w.org\/{rel}","templated":true}]}}