{"id":1206,"date":"2025-04-01T10:38:39","date_gmt":"2025-04-01T13:38:39","guid":{"rendered":"https:\/\/tvsulcatarinense.com.br\/?p=1206"},"modified":"2025-04-01T10:38:39","modified_gmt":"2025-04-01T13:38:39","slug":"incendio-atinge-casa-no-bairro-sanga-da-toca-2-em-ararangua","status":"publish","type":"post","link":"https:\/\/tvsulcatarinense.com.br\/?p=1206","title":{"rendered":"Inc\u00eandio atinge casa no bairro Sanga da Toca 2 em Ararangu\u00e1"},"content":{"rendered":"\n<p>A guarni\u00e7\u00e3o do ABTR-121 de Ararangu\u00e1 foi acionada por volta das 19h da noite desta segunda-feira (31) pelo Cobom para se deslocar at\u00e9 uma resid\u00eancia em chamas no bairro Sanga da Toca 2 em Ararangu\u00e1.<\/p>\n\n\n\n<p>No local a resid\u00eancia estava desabitada, e foi necess\u00e1rio cerca de tr\u00eas mil litros de \u00e1gua para o combate das chamas, que consumiam a resid\u00eancia com cerca de 160m\u00b2.<\/p>\n\n\n\n<p>Em conversa com vizinhos, foi informado n\u00e3o havia nenhum respons\u00e1vel pelo im\u00f3vel no local, ent\u00e3o a casa foi deixada aos cuidados de vizinhos pr\u00f3ximos do propriet\u00e1rio.<\/p>\n\n\n\n<p>Foto: CBMSC<\/p>\n\n\n\n<figure class=\"wp-block-image\"><img decoding=\"async\" src=\"https:\/\/uaaau.com.br\/uploads\/blog_25679\/1743514373_2.jpg\" alt=\"\"\/><\/figure>\n\n\n\n<figure class=\"wp-block-image size-large\"><img fetchpriority=\"high\" decoding=\"async\" width=\"1024\" height=\"576\" src=\"https:\/\/tvsulcatarinense.com.br\/wp-content\/uploads\/2025\/04\/1-1-1024x576.jpg\" alt=\"\" class=\"wp-image-1208\" srcset=\"https:\/\/tvsulcatarinense.com.br\/wp-content\/uploads\/2025\/04\/1-1-1024x576.jpg 1024w, https:\/\/tvsulcatarinense.com.br\/wp-content\/uploads\/2025\/04\/1-1-300x169.jpg 300w, https:\/\/tvsulcatarinense.com.br\/wp-content\/uploads\/2025\/04\/1-1-768x432.jpg 768w, https:\/\/tvsulcatarinense.com.br\/wp-content\/uploads\/2025\/04\/1-1.jpg 1280w\" sizes=\"(max-width: 1024px) 100vw, 1024px\" \/><\/figure>\n","protected":false},"excerpt":{"rendered":"<p>A guarni\u00e7\u00e3o do ABTR-121 de Ararangu\u00e1 foi acionada por volta das 19h da noite desta segunda-feira (31) pelo Cobom para se deslocar at\u00e9 uma resid\u00eancia em chamas no bairro Sanga da Toca 2 em Ararangu\u00e1. No local a resid\u00eancia estava desabitada, e foi necess\u00e1rio cerca de tr\u00eas mil litros de \u00e1gua para o combate das [&hellip;]<\/p>\n","protected":false},"author":1,"featured_media":1207,"comment_status":"open","ping_status":"open","sticky":false,"template":"","format":"standard","meta":{"footnotes":""},"categories":[5],"tags":[22,23,33,24],"class_list":["post-1206","post","type-post","status-publish","format-standard","has-post-thumbnail","hentry","category-seguranca","tag-22","tag-ararangua","tag-cbmsc","tag-santa-catarina"],"_links":{"self":[{"href":"https:\/\/tvsulcatarinense.com.br\/index.php?rest_route=\/wp\/v2\/posts\/1206","targetHints":{"allow":["GET"]}}],"collection":[{"href":"https:\/\/tvsulcatarinense.com.br\/index.php?rest_route=\/wp\/v2\/posts"}],"about":[{"href":"https:\/\/tvsulcatarinense.com.br\/index.php?rest_route=\/wp\/v2\/types\/post"}],"author":[{"embeddable":true,"href":"https:\/\/tvsulcatarinense.com.br\/index.php?rest_route=\/wp\/v2\/users\/1"}],"replies":[{"embeddable":true,"href":"https:\/\/tvsulcatarinense.com.br\/index.php?rest_route=%2Fwp%2Fv2%2Fcomments&post=1206"}],"version-history":[{"count":1,"href":"https:\/\/tvsulcatarinense.com.br\/index.php?rest_route=\/wp\/v2\/posts\/1206\/revisions"}],"predecessor-version":[{"id":1209,"href":"https:\/\/tvsulcatarinense.com.br\/index.php?rest_route=\/wp\/v2\/posts\/1206\/revisions\/1209"}],"wp:featuredmedia":[{"embeddable":true,"href":"https:\/\/tvsulcatarinense.com.br\/index.php?rest_route=\/wp\/v2\/media\/1207"}],"wp:attachment":[{"href":"https:\/\/tvsulcatarinense.com.br\/index.php?rest_route=%2Fwp%2Fv2%2Fmedia&parent=1206"}],"wp:term":[{"taxonomy":"category","embeddable":true,"href":"https:\/\/tvsulcatarinense.com.br\/index.php?rest_route=%2Fwp%2Fv2%2Fcategories&post=1206"},{"taxonomy":"post_tag","embeddable":true,"href":"https:\/\/tvsulcatarinense.com.br\/index.php?rest_route=%2Fwp%2Fv2%2Ftags&post=1206"}],"curies":[{"name":"wp","href":"https:\/\/api.w.org\/{rel}","templated":true}]}}