{"id":1191,"date":"2025-03-27T16:59:44","date_gmt":"2025-03-27T19:59:44","guid":{"rendered":"https:\/\/tvsulcatarinense.com.br\/?p=1191"},"modified":"2025-03-27T16:59:44","modified_gmt":"2025-03-27T19:59:44","slug":"video-em-operacao-policial-com-cao-de-faro-policia-civil-localiza-corpo-de-mulher-em-area-de-dunas-de-balneario-rincao","status":"publish","type":"post","link":"https:\/\/tvsulcatarinense.com.br\/?p=1191","title":{"rendered":"(VIDEO) Em opera\u00e7\u00e3o policial com c\u00e3o de faro, Pol\u00edcia Civil localiza corpo de mulher em \u00e1rea de dunas de Balne\u00e1rio Rinc\u00e3o"},"content":{"rendered":"\n<p>Nesta manh\u00e3 (27), a Delegacia de Homic\u00eddios (DH\/DIC Crici\u00fama) realizou opera\u00e7\u00e3o policial para poss\u00edvel localiza\u00e7\u00e3o de vest\u00edgios e corpos junto \u00e0s dunas na Zona Sul de Balne\u00e1rio Rinc\u00e3o.<\/p>\n\n\n\n<p><br>Ap\u00f3s trabalho de investiga\u00e7\u00e3o e an\u00e1lise de dados de intelig\u00eancia, os policiais levantaram a possibilidade de que aquela regi\u00e3o poderia ser o local de oculta\u00e7\u00e3o de cad\u00e1ver de um homem desaparecido em junho do ano passado, que teve a investiga\u00e7\u00e3o conclu\u00edda pela Delegacia de Homic\u00eddios de Crici\u00fama, restando quatro pessoas indiciadas por homic\u00eddio.<\/p>\n\n\n\n<p><br>A a\u00e7\u00e3o policial teve participa\u00e7\u00e3o fundamental do N\u00facleo de Opera\u00e7\u00f5es com C\u00e3es da Pol\u00edcia Civil, n\u00facleo de S\u00e3o Louren\u00e7o do Oeste, que possui c\u00e3o de faro com habilidades espec\u00edficas para localiza\u00e7\u00e3o de corpos.<\/p>\n\n\n\n<p><br>Durante as dilig\u00eancias, que se estenderam at\u00e9 o in\u00edcio da tarde, foi localizada uma cova e desenterrado um cad\u00e1ver com caracter\u00edsticas femininas, estando em avan\u00e7ado estado de decomposi\u00e7\u00e3o. Existe a hip\u00f3tese de que o corpo seja de uma mulher com registro de desaparecimento em Tubar\u00e3o, em julho do ano passado. A Pol\u00edcia Cient\u00edfica foi acionada para realiza\u00e7\u00e3o de per\u00edcia, remo\u00e7\u00e3o do corpo e posterior tentativa de confirma\u00e7\u00e3o da identidade.<\/p>\n\n\n\n<p><br>O efetivo de investigadores da Delegacia de Balne\u00e1rio Rinc\u00e3o atuou em conjunto com a Delegacia de Homic\u00eddios. A Prefeitura Municipal de Balne\u00e1rio Rinc\u00e3o prestou aux\u00edlio com emprego de maquin\u00e1rio.<\/p>\n\n\n\n<p><br>DH\/DIC Crici\u00fama \u2013 PCSC<\/p>\n\n\n\n<p>Confira: <\/p>\n\n\n\n<figure class=\"wp-block-video\"><video height=\"850\" style=\"aspect-ratio: 478 \/ 850;\" width=\"478\" controls src=\"https:\/\/tvsulcatarinense.com.br\/wp-content\/uploads\/2025\/03\/WhatsApp-Video-2025-03-27-at-16.52.31-1.mp4\"><\/video><\/figure>\n","protected":false},"excerpt":{"rendered":"<p>Nesta manh\u00e3 (27), a Delegacia de Homic\u00eddios (DH\/DIC Crici\u00fama) realizou opera\u00e7\u00e3o policial para poss\u00edvel localiza\u00e7\u00e3o de vest\u00edgios e corpos junto \u00e0s dunas na Zona Sul de Balne\u00e1rio Rinc\u00e3o. Ap\u00f3s trabalho de investiga\u00e7\u00e3o e an\u00e1lise de dados de intelig\u00eancia, os policiais levantaram a possibilidade de que aquela regi\u00e3o poderia ser o local de oculta\u00e7\u00e3o de cad\u00e1ver [&hellip;]<\/p>\n","protected":false},"author":1,"featured_media":1192,"comment_status":"open","ping_status":"open","sticky":false,"template":"","format":"standard","meta":{"footnotes":""},"categories":[5],"tags":[22,45,24],"class_list":["post-1191","post","type-post","status-publish","format-standard","has-post-thumbnail","hentry","category-seguranca","tag-22","tag-pcsc","tag-santa-catarina"],"_links":{"self":[{"href":"https:\/\/tvsulcatarinense.com.br\/index.php?rest_route=\/wp\/v2\/posts\/1191","targetHints":{"allow":["GET"]}}],"collection":[{"href":"https:\/\/tvsulcatarinense.com.br\/index.php?rest_route=\/wp\/v2\/posts"}],"about":[{"href":"https:\/\/tvsulcatarinense.com.br\/index.php?rest_route=\/wp\/v2\/types\/post"}],"author":[{"embeddable":true,"href":"https:\/\/tvsulcatarinense.com.br\/index.php?rest_route=\/wp\/v2\/users\/1"}],"replies":[{"embeddable":true,"href":"https:\/\/tvsulcatarinense.com.br\/index.php?rest_route=%2Fwp%2Fv2%2Fcomments&post=1191"}],"version-history":[{"count":1,"href":"https:\/\/tvsulcatarinense.com.br\/index.php?rest_route=\/wp\/v2\/posts\/1191\/revisions"}],"predecessor-version":[{"id":1194,"href":"https:\/\/tvsulcatarinense.com.br\/index.php?rest_route=\/wp\/v2\/posts\/1191\/revisions\/1194"}],"wp:featuredmedia":[{"embeddable":true,"href":"https:\/\/tvsulcatarinense.com.br\/index.php?rest_route=\/wp\/v2\/media\/1192"}],"wp:attachment":[{"href":"https:\/\/tvsulcatarinense.com.br\/index.php?rest_route=%2Fwp%2Fv2%2Fmedia&parent=1191"}],"wp:term":[{"taxonomy":"category","embeddable":true,"href":"https:\/\/tvsulcatarinense.com.br\/index.php?rest_route=%2Fwp%2Fv2%2Fcategories&post=1191"},{"taxonomy":"post_tag","embeddable":true,"href":"https:\/\/tvsulcatarinense.com.br\/index.php?rest_route=%2Fwp%2Fv2%2Ftags&post=1191"}],"curies":[{"name":"wp","href":"https:\/\/api.w.org\/{rel}","templated":true}]}}