{"id":1168,"date":"2025-03-27T11:31:42","date_gmt":"2025-03-27T14:31:42","guid":{"rendered":"https:\/\/tvsulcatarinense.com.br\/?p=1168"},"modified":"2025-03-27T11:31:42","modified_gmt":"2025-03-27T14:31:42","slug":"homem-furta-televisor-em-balneario-arroio-do-silva","status":"publish","type":"post","link":"https:\/\/tvsulcatarinense.com.br\/?p=1168","title":{"rendered":"Homem furta televisor em Balne\u00e1rio Arroio do Silva"},"content":{"rendered":"\n<p>Por volta das 08h da manh\u00e3 desta quarta-feira (26), uma guarni\u00e7\u00e3o da PM foi acionada via CRE para averiguar uma situa\u00e7\u00e3o de furto, em Balne\u00e1rio Arroio do Silva, onde um homem estava carregando uma Televis\u00e3o nos bra\u00e7os.<\/p>\n\n\n\n<p>No local foi conversado com uma mulher de 30 anos e um homem de 40 anos que viram o suspeito, com uma sacola e uma televis\u00e3o de cor preta.<\/p>\n\n\n\n<p>O homem ainda tentou furtar um carrinho da mulher e amea\u00e7ou o homem de morte ap\u00f3s ser confrontado a quem pertenceria a televis\u00e3o.<\/p>\n\n\n\n<p>Momentos depois, abandonou a Televis\u00e3o em um terreno baldio.<\/p>\n\n\n\n<p>A guarni\u00e7\u00e3o em rondas logrou \u00eaxito em localizar o homem de 25 anos, bem como foi encontrado a Televis\u00e3o e uma sacola com aproximadamente 10 kg de carne.<\/p>\n\n\n\n<p>Sendo assim, a guarni\u00e7\u00e3o deu voz de pris\u00e3o e o conduziu a Delegacia de Pol\u00edcia Civil.<\/p>\n","protected":false},"excerpt":{"rendered":"<p>Por volta das 08h da manh\u00e3 desta quarta-feira (26), uma guarni\u00e7\u00e3o da PM foi acionada via CRE para averiguar uma situa\u00e7\u00e3o de furto, em Balne\u00e1rio Arroio do Silva, onde um homem estava carregando uma Televis\u00e3o nos bra\u00e7os. No local foi conversado com uma mulher de 30 anos e um homem de 40 anos que viram [&hellip;]<\/p>\n","protected":false},"author":1,"featured_media":1169,"comment_status":"open","ping_status":"open","sticky":false,"template":"","format":"standard","meta":{"footnotes":""},"categories":[5],"tags":[22,25,24],"class_list":["post-1168","post","type-post","status-publish","format-standard","has-post-thumbnail","hentry","category-seguranca","tag-22","tag-balneario-arroio-do-silva","tag-santa-catarina"],"_links":{"self":[{"href":"https:\/\/tvsulcatarinense.com.br\/index.php?rest_route=\/wp\/v2\/posts\/1168","targetHints":{"allow":["GET"]}}],"collection":[{"href":"https:\/\/tvsulcatarinense.com.br\/index.php?rest_route=\/wp\/v2\/posts"}],"about":[{"href":"https:\/\/tvsulcatarinense.com.br\/index.php?rest_route=\/wp\/v2\/types\/post"}],"author":[{"embeddable":true,"href":"https:\/\/tvsulcatarinense.com.br\/index.php?rest_route=\/wp\/v2\/users\/1"}],"replies":[{"embeddable":true,"href":"https:\/\/tvsulcatarinense.com.br\/index.php?rest_route=%2Fwp%2Fv2%2Fcomments&post=1168"}],"version-history":[{"count":1,"href":"https:\/\/tvsulcatarinense.com.br\/index.php?rest_route=\/wp\/v2\/posts\/1168\/revisions"}],"predecessor-version":[{"id":1170,"href":"https:\/\/tvsulcatarinense.com.br\/index.php?rest_route=\/wp\/v2\/posts\/1168\/revisions\/1170"}],"wp:featuredmedia":[{"embeddable":true,"href":"https:\/\/tvsulcatarinense.com.br\/index.php?rest_route=\/wp\/v2\/media\/1169"}],"wp:attachment":[{"href":"https:\/\/tvsulcatarinense.com.br\/index.php?rest_route=%2Fwp%2Fv2%2Fmedia&parent=1168"}],"wp:term":[{"taxonomy":"category","embeddable":true,"href":"https:\/\/tvsulcatarinense.com.br\/index.php?rest_route=%2Fwp%2Fv2%2Fcategories&post=1168"},{"taxonomy":"post_tag","embeddable":true,"href":"https:\/\/tvsulcatarinense.com.br\/index.php?rest_route=%2Fwp%2Fv2%2Ftags&post=1168"}],"curies":[{"name":"wp","href":"https:\/\/api.w.org\/{rel}","templated":true}]}}