{"id":1165,"date":"2025-03-27T10:41:50","date_gmt":"2025-03-27T13:41:50","guid":{"rendered":"https:\/\/tvsulcatarinense.com.br\/?p=1165"},"modified":"2025-03-27T10:41:50","modified_gmt":"2025-03-27T13:41:50","slug":"balneario-arroio-do-silva-homem-de-28-anos-morre-afogado-na-praia-da-cacamba","status":"publish","type":"post","link":"https:\/\/tvsulcatarinense.com.br\/?p=1165","title":{"rendered":"Balne\u00e1rio Arroio do Silva: homem de 28 anos morre afogado na praia da Ca\u00e7amba"},"content":{"rendered":"\n<p>O Corpo de Bombeiros Militar de Ararangu\u00e1 foi acionado na noite desta quarta-feira (26) por volta das 20h15, para se deslocar at\u00e9 a praia da Ca\u00e7amba em Balne\u00e1rio Arroio do Silva para atendimento de um homem de 28 anos que havia se afogado.<\/p>\n\n\n\n<p>No local, j\u00e1 haviam sido feitos os protocolos de ressuscita\u00e7\u00e3o cardiorrespirat\u00f3ria por populares com ajuda do 193 por telefone.<\/p>\n\n\n\n<p>A guarni\u00e7\u00e3o continuou os protocolos por mais alguns minutos.<\/p>\n\n\n\n<p>O Samu foi acionado, e durante 60 minutos, atuando em conjunto com os bombeiros, o m\u00e9dico do Samu constatou o \u00f3bito do homem.<\/p>\n\n\n\n<p>A v\u00edtima ficou aos cuidados do IGP e PM.<\/p>\n","protected":false},"excerpt":{"rendered":"<p>O Corpo de Bombeiros Militar de Ararangu\u00e1 foi acionado na noite desta quarta-feira (26) por volta das 20h15, para se deslocar at\u00e9 a praia da Ca\u00e7amba em Balne\u00e1rio Arroio do Silva para atendimento de um homem de 28 anos que havia se afogado. No local, j\u00e1 haviam sido feitos os protocolos de ressuscita\u00e7\u00e3o cardiorrespirat\u00f3ria por [&hellip;]<\/p>\n","protected":false},"author":1,"featured_media":1166,"comment_status":"open","ping_status":"open","sticky":false,"template":"","format":"standard","meta":{"footnotes":""},"categories":[5],"tags":[22,25,24],"class_list":["post-1165","post","type-post","status-publish","format-standard","has-post-thumbnail","hentry","category-seguranca","tag-22","tag-balneario-arroio-do-silva","tag-santa-catarina"],"_links":{"self":[{"href":"https:\/\/tvsulcatarinense.com.br\/index.php?rest_route=\/wp\/v2\/posts\/1165","targetHints":{"allow":["GET"]}}],"collection":[{"href":"https:\/\/tvsulcatarinense.com.br\/index.php?rest_route=\/wp\/v2\/posts"}],"about":[{"href":"https:\/\/tvsulcatarinense.com.br\/index.php?rest_route=\/wp\/v2\/types\/post"}],"author":[{"embeddable":true,"href":"https:\/\/tvsulcatarinense.com.br\/index.php?rest_route=\/wp\/v2\/users\/1"}],"replies":[{"embeddable":true,"href":"https:\/\/tvsulcatarinense.com.br\/index.php?rest_route=%2Fwp%2Fv2%2Fcomments&post=1165"}],"version-history":[{"count":1,"href":"https:\/\/tvsulcatarinense.com.br\/index.php?rest_route=\/wp\/v2\/posts\/1165\/revisions"}],"predecessor-version":[{"id":1167,"href":"https:\/\/tvsulcatarinense.com.br\/index.php?rest_route=\/wp\/v2\/posts\/1165\/revisions\/1167"}],"wp:featuredmedia":[{"embeddable":true,"href":"https:\/\/tvsulcatarinense.com.br\/index.php?rest_route=\/wp\/v2\/media\/1166"}],"wp:attachment":[{"href":"https:\/\/tvsulcatarinense.com.br\/index.php?rest_route=%2Fwp%2Fv2%2Fmedia&parent=1165"}],"wp:term":[{"taxonomy":"category","embeddable":true,"href":"https:\/\/tvsulcatarinense.com.br\/index.php?rest_route=%2Fwp%2Fv2%2Fcategories&post=1165"},{"taxonomy":"post_tag","embeddable":true,"href":"https:\/\/tvsulcatarinense.com.br\/index.php?rest_route=%2Fwp%2Fv2%2Ftags&post=1165"}],"curies":[{"name":"wp","href":"https:\/\/api.w.org\/{rel}","templated":true}]}}