{"id":1148,"date":"2025-03-26T11:43:32","date_gmt":"2025-03-26T14:43:32","guid":{"rendered":"https:\/\/tvsulcatarinense.com.br\/?p=1148"},"modified":"2025-03-26T11:43:32","modified_gmt":"2025-03-26T14:43:32","slug":"aciva-cria-nucleo-para-debater-o-setor-industrial","status":"publish","type":"post","link":"https:\/\/tvsulcatarinense.com.br\/?p=1148","title":{"rendered":"ACIVA cria n\u00facleo para debater o Setor Industrial"},"content":{"rendered":"\n<p>A Associa\u00e7\u00e3o Empresarial de Ararangu\u00e1 e do Extremo Sul Catarinense (ACIVA) deu in\u00edcio a um projeto voltado para o fortalecimento do setor industrial da regi\u00e3o.<\/p>\n\n\n\n<p>Nesta ter\u00e7a-feira (25) foi realizada a primeira reuni\u00e3o do N\u00facleo Industrial da ACIVA, que tem o objetivo de debater os desafios e as necessidades do setor, al\u00e9m de promover a\u00e7\u00f5es para fomentar a capacita\u00e7\u00e3o profissional e estabelecer parcerias com o Sistema S, que \u00e9 composto por SENAI, SENAC, SESC.<\/p>\n\n\n\n<p>O encontro, que aconteceu na sede da entidade, contou com a participa\u00e7\u00e3o de diversos empres\u00e1rios de segmentos industriais da regi\u00e3o, que compartilharam suas experi\u00eancias e expectativas em rela\u00e7\u00e3o ao desenvolvimento do setor.<\/p>\n\n\n\n<p>A consultora regional da Federa\u00e7\u00e3o das Associa\u00e7\u00f5es Empresariais de Santa Catarina (FACISC), Claudia Gelosa, tamb\u00e9m marcou presen\u00e7a e contribuiu com sua expertise para o debate.<\/p>\n\n\n\n<p>O presidente da ACIVA, Guilherme May, fez quest\u00e3o de destacar a import\u00e2ncia dessa iniciativa para o fortalecimento da ind\u00fastria local.<\/p>\n\n\n\n<p>\u201cEste \u00e9 o primeiro passo para uma s\u00e9rie de a\u00e7\u00f5es que visam aprimorar a realidade da ind\u00fastria na nossa regi\u00e3o.<\/p>\n\n\n\n<p>A cria\u00e7\u00e3o do n\u00facleo \u00e9 fundamental para entendermos melhor as necessidades das empresas e promovermos solu\u00e7\u00f5es conjuntas\u201d, afirmou.<\/p>\n","protected":false},"excerpt":{"rendered":"<p>A Associa\u00e7\u00e3o Empresarial de Ararangu\u00e1 e do Extremo Sul Catarinense (ACIVA) deu in\u00edcio a um projeto voltado para o fortalecimento do setor industrial da regi\u00e3o. Nesta ter\u00e7a-feira (25) foi realizada a primeira reuni\u00e3o do N\u00facleo Industrial da ACIVA, que tem o objetivo de debater os desafios e as necessidades do setor, al\u00e9m de promover a\u00e7\u00f5es [&hellip;]<\/p>\n","protected":false},"author":1,"featured_media":1149,"comment_status":"open","ping_status":"open","sticky":false,"template":"","format":"standard","meta":{"footnotes":""},"categories":[11],"tags":[22,23,24],"class_list":["post-1148","post","type-post","status-publish","format-standard","has-post-thumbnail","hentry","category-negocios-e-empreendedorismo","tag-22","tag-ararangua","tag-santa-catarina"],"_links":{"self":[{"href":"https:\/\/tvsulcatarinense.com.br\/index.php?rest_route=\/wp\/v2\/posts\/1148","targetHints":{"allow":["GET"]}}],"collection":[{"href":"https:\/\/tvsulcatarinense.com.br\/index.php?rest_route=\/wp\/v2\/posts"}],"about":[{"href":"https:\/\/tvsulcatarinense.com.br\/index.php?rest_route=\/wp\/v2\/types\/post"}],"author":[{"embeddable":true,"href":"https:\/\/tvsulcatarinense.com.br\/index.php?rest_route=\/wp\/v2\/users\/1"}],"replies":[{"embeddable":true,"href":"https:\/\/tvsulcatarinense.com.br\/index.php?rest_route=%2Fwp%2Fv2%2Fcomments&post=1148"}],"version-history":[{"count":1,"href":"https:\/\/tvsulcatarinense.com.br\/index.php?rest_route=\/wp\/v2\/posts\/1148\/revisions"}],"predecessor-version":[{"id":1150,"href":"https:\/\/tvsulcatarinense.com.br\/index.php?rest_route=\/wp\/v2\/posts\/1148\/revisions\/1150"}],"wp:featuredmedia":[{"embeddable":true,"href":"https:\/\/tvsulcatarinense.com.br\/index.php?rest_route=\/wp\/v2\/media\/1149"}],"wp:attachment":[{"href":"https:\/\/tvsulcatarinense.com.br\/index.php?rest_route=%2Fwp%2Fv2%2Fmedia&parent=1148"}],"wp:term":[{"taxonomy":"category","embeddable":true,"href":"https:\/\/tvsulcatarinense.com.br\/index.php?rest_route=%2Fwp%2Fv2%2Fcategories&post=1148"},{"taxonomy":"post_tag","embeddable":true,"href":"https:\/\/tvsulcatarinense.com.br\/index.php?rest_route=%2Fwp%2Fv2%2Ftags&post=1148"}],"curies":[{"name":"wp","href":"https:\/\/api.w.org\/{rel}","templated":true}]}}