{"id":1140,"date":"2025-03-26T11:09:21","date_gmt":"2025-03-26T14:09:21","guid":{"rendered":"https:\/\/tvsulcatarinense.com.br\/?p=1140"},"modified":"2025-03-26T11:09:21","modified_gmt":"2025-03-26T14:09:21","slug":"video-homem-e-preso-por-posse-ilegal-de-arma-de-fogo-de-uso-restrito-em-acao-conjunta-entre-policia-militar-e-policia-civil-em-ararangua","status":"publish","type":"post","link":"https:\/\/tvsulcatarinense.com.br\/?p=1140","title":{"rendered":"(VIDEO) Homem \u00e9 preso por posse ilegal de arma de fogo de uso restrito em a\u00e7\u00e3o conjunta entre Pol\u00edcia Militar e Pol\u00edcia Civil em Ararangu\u00e1"},"content":{"rendered":"\n<p>Na manh\u00e3 desta quarta-feira, 26, as guarni\u00e7\u00f5es do Pelotao de Policiamento e Apoio Especializado do 19\u00baBPM, T\u00c1TICO e K9, prestaram apoio para a Pol\u00edcia Civil, na opera\u00e7\u00e3o para Cumprimento ao mandado judicial de busca e apreens\u00e3o, na Rua Guanabara, coloninha, por volta das 06:00.<\/p>\n\n\n\n<p>No local, um dos abordados (18 anos) relatou estar na posse de uma Pistola, carregada, com 28 muni\u00e7\u00f5es no carregador, e uma na c\u00e2mara, totalizando 29 muni\u00e7\u00f5es.<\/p>\n\n\n\n<p>O suspeito n\u00e3o possui autoriza\u00e7\u00e3o para porte ou posse de arma de fogo.<\/p>\n\n\n\n<p>Diante dos fatos, foi dado voz de pris\u00e3o ao suspeito, a arma e as muni\u00e7\u00f5es, bem como uma balan\u00e7a de precis\u00e3o, foram apreendidos e encaminhados para a delegacia de investiga\u00e7\u00e3o criminal (DIC).<\/p>\n\n\n\n<figure class=\"wp-block-image size-large\"><img fetchpriority=\"high\" decoding=\"async\" width=\"1024\" height=\"576\" src=\"https:\/\/tvsulcatarinense.com.br\/wp-content\/uploads\/2025\/03\/11-1024x576.jpg\" alt=\"\" class=\"wp-image-1142\" srcset=\"https:\/\/tvsulcatarinense.com.br\/wp-content\/uploads\/2025\/03\/11-1024x576.jpg 1024w, https:\/\/tvsulcatarinense.com.br\/wp-content\/uploads\/2025\/03\/11-300x169.jpg 300w, https:\/\/tvsulcatarinense.com.br\/wp-content\/uploads\/2025\/03\/11-768x432.jpg 768w, https:\/\/tvsulcatarinense.com.br\/wp-content\/uploads\/2025\/03\/11.jpg 1280w\" sizes=\"(max-width: 1024px) 100vw, 1024px\" \/><\/figure>\n\n\n\n<figure class=\"wp-block-video\"><video height=\"848\" style=\"aspect-ratio: 480 \/ 848;\" width=\"480\" controls src=\"https:\/\/tvsulcatarinense.com.br\/wp-content\/uploads\/2025\/03\/WhatsApp-Video-2025-03-26-at-08.50.11.mp4\"><\/video><\/figure>\n","protected":false},"excerpt":{"rendered":"<p>Na manh\u00e3 desta quarta-feira, 26, as guarni\u00e7\u00f5es do Pelotao de Policiamento e Apoio Especializado do 19\u00baBPM, T\u00c1TICO e K9, prestaram apoio para a Pol\u00edcia Civil, na opera\u00e7\u00e3o para Cumprimento ao mandado judicial de busca e apreens\u00e3o, na Rua Guanabara, coloninha, por volta das 06:00. No local, um dos abordados (18 anos) relatou estar na posse [&hellip;]<\/p>\n","protected":false},"author":1,"featured_media":1141,"comment_status":"open","ping_status":"open","sticky":false,"template":"","format":"standard","meta":{"footnotes":""},"categories":[5],"tags":[22,23,27,24],"class_list":["post-1140","post","type-post","status-publish","format-standard","has-post-thumbnail","hentry","category-seguranca","tag-22","tag-ararangua","tag-pmsc","tag-santa-catarina"],"_links":{"self":[{"href":"https:\/\/tvsulcatarinense.com.br\/index.php?rest_route=\/wp\/v2\/posts\/1140","targetHints":{"allow":["GET"]}}],"collection":[{"href":"https:\/\/tvsulcatarinense.com.br\/index.php?rest_route=\/wp\/v2\/posts"}],"about":[{"href":"https:\/\/tvsulcatarinense.com.br\/index.php?rest_route=\/wp\/v2\/types\/post"}],"author":[{"embeddable":true,"href":"https:\/\/tvsulcatarinense.com.br\/index.php?rest_route=\/wp\/v2\/users\/1"}],"replies":[{"embeddable":true,"href":"https:\/\/tvsulcatarinense.com.br\/index.php?rest_route=%2Fwp%2Fv2%2Fcomments&post=1140"}],"version-history":[{"count":1,"href":"https:\/\/tvsulcatarinense.com.br\/index.php?rest_route=\/wp\/v2\/posts\/1140\/revisions"}],"predecessor-version":[{"id":1144,"href":"https:\/\/tvsulcatarinense.com.br\/index.php?rest_route=\/wp\/v2\/posts\/1140\/revisions\/1144"}],"wp:featuredmedia":[{"embeddable":true,"href":"https:\/\/tvsulcatarinense.com.br\/index.php?rest_route=\/wp\/v2\/media\/1141"}],"wp:attachment":[{"href":"https:\/\/tvsulcatarinense.com.br\/index.php?rest_route=%2Fwp%2Fv2%2Fmedia&parent=1140"}],"wp:term":[{"taxonomy":"category","embeddable":true,"href":"https:\/\/tvsulcatarinense.com.br\/index.php?rest_route=%2Fwp%2Fv2%2Fcategories&post=1140"},{"taxonomy":"post_tag","embeddable":true,"href":"https:\/\/tvsulcatarinense.com.br\/index.php?rest_route=%2Fwp%2Fv2%2Ftags&post=1140"}],"curies":[{"name":"wp","href":"https:\/\/api.w.org\/{rel}","templated":true}]}}