{"id":1100,"date":"2025-03-25T09:54:20","date_gmt":"2025-03-25T12:54:20","guid":{"rendered":"https:\/\/tvsulcatarinense.com.br\/?p=1100"},"modified":"2025-03-25T09:54:20","modified_gmt":"2025-03-25T12:54:20","slug":"morador-de-rua-furta-objetos-de-dono-de-restaurante-em-ararangua","status":"publish","type":"post","link":"https:\/\/tvsulcatarinense.com.br\/?p=1100","title":{"rendered":"Morador de rua furta objetos de dono de restaurante em Ararangu\u00e1"},"content":{"rendered":"\n<p>A PM de Ararangu\u00e1 foi mobilizada na tarde desta segunda-feira (24), para atender uma ocorr\u00eancia de furto no bairro Cidade Alta, segundo relato, o dono de um restaurante, teve pertences pessoais furtados por um morador de rua, que momentos antes do furto, esteve no local pedindo por alimento.<\/p>\n\n\n\n<p>O autor, de 42 anos, saiu pela lateral do estabelecimento, e furtou de dentro do ve\u00edculo da v\u00edtima dois pares de t\u00eanis, um perfume e uma bolsa com roupas, colocou os pertences dentro de um saco de latas e saiu do local.<\/p>\n\n\n\n<p>O homem foi localizado momentos depois, e recebeu voz de pris\u00e3o pelo crime, e foi encaminhado at\u00e9 a Delegacia de Pol\u00edcia Civil.<\/p>\n\n\n\n<p>De acordo com informa\u00e7\u00f5es, o morador de rua \u00e9 estrangeiro e est\u00e1 de passagem pela cidade.<\/p>\n\n\n\n<p>Foto: PMSC<\/p>\n","protected":false},"excerpt":{"rendered":"<p>A PM de Ararangu\u00e1 foi mobilizada na tarde desta segunda-feira (24), para atender uma ocorr\u00eancia de furto no bairro Cidade Alta, segundo relato, o dono de um restaurante, teve pertences pessoais furtados por um morador de rua, que momentos antes do furto, esteve no local pedindo por alimento. O autor, de 42 anos, saiu pela [&hellip;]<\/p>\n","protected":false},"author":1,"featured_media":1101,"comment_status":"open","ping_status":"open","sticky":false,"template":"","format":"standard","meta":{"footnotes":""},"categories":[5],"tags":[22,23,24],"class_list":["post-1100","post","type-post","status-publish","format-standard","has-post-thumbnail","hentry","category-seguranca","tag-22","tag-ararangua","tag-santa-catarina"],"_links":{"self":[{"href":"https:\/\/tvsulcatarinense.com.br\/index.php?rest_route=\/wp\/v2\/posts\/1100","targetHints":{"allow":["GET"]}}],"collection":[{"href":"https:\/\/tvsulcatarinense.com.br\/index.php?rest_route=\/wp\/v2\/posts"}],"about":[{"href":"https:\/\/tvsulcatarinense.com.br\/index.php?rest_route=\/wp\/v2\/types\/post"}],"author":[{"embeddable":true,"href":"https:\/\/tvsulcatarinense.com.br\/index.php?rest_route=\/wp\/v2\/users\/1"}],"replies":[{"embeddable":true,"href":"https:\/\/tvsulcatarinense.com.br\/index.php?rest_route=%2Fwp%2Fv2%2Fcomments&post=1100"}],"version-history":[{"count":1,"href":"https:\/\/tvsulcatarinense.com.br\/index.php?rest_route=\/wp\/v2\/posts\/1100\/revisions"}],"predecessor-version":[{"id":1102,"href":"https:\/\/tvsulcatarinense.com.br\/index.php?rest_route=\/wp\/v2\/posts\/1100\/revisions\/1102"}],"wp:featuredmedia":[{"embeddable":true,"href":"https:\/\/tvsulcatarinense.com.br\/index.php?rest_route=\/wp\/v2\/media\/1101"}],"wp:attachment":[{"href":"https:\/\/tvsulcatarinense.com.br\/index.php?rest_route=%2Fwp%2Fv2%2Fmedia&parent=1100"}],"wp:term":[{"taxonomy":"category","embeddable":true,"href":"https:\/\/tvsulcatarinense.com.br\/index.php?rest_route=%2Fwp%2Fv2%2Fcategories&post=1100"},{"taxonomy":"post_tag","embeddable":true,"href":"https:\/\/tvsulcatarinense.com.br\/index.php?rest_route=%2Fwp%2Fv2%2Ftags&post=1100"}],"curies":[{"name":"wp","href":"https:\/\/api.w.org\/{rel}","templated":true}]}}